{"id":31,"date":"2008-06-04T17:46:21","date_gmt":"2008-06-04T17:46:21","guid":{"rendered":"http:\/\/hoestje.de\/?p=31"},"modified":"2015-01-11T20:29:54","modified_gmt":"2015-01-11T20:29:54","slug":"unser-dorf-hat-zukunft","status":"publish","type":"post","link":"https:\/\/eggeloge.de\/?p=31","title":{"rendered":"&#8222;Unser Dorf hat Zukunft&#8220;"},"content":{"rendered":"<p><a href=\"http:\/\/eggeloge.de\/wp-content\/uploads\/2015\/01\/20080603-abschluss1.jpg\"><img loading=\"lazy\" decoding=\"async\" class=\" size-medium wp-image-37 alignleft\" src=\"http:\/\/eggeloge.de\/wp-content\/uploads\/2015\/01\/20080603-abschluss1-300x225.jpg\" alt=\"20080603-abschluss\" width=\"300\" height=\"225\" srcset=\"https:\/\/eggeloge.de\/wp-content\/uploads\/2015\/01\/20080603-abschluss1-300x225.jpg 300w, https:\/\/eggeloge.de\/wp-content\/uploads\/2015\/01\/20080603-abschluss1.jpg 1024w\" sizes=\"auto, (max-width: 300px) 100vw, 300px\" \/><\/a>Die Kommission &#8222;Unser Dorf hat Zukunft&#8220; hat uns am 03.06.2008 besucht. F\u00fcr den Kreiswettbewerb hat sich Eggeloge mit einer kleinen &#8222;Gewerbeschau&#8220; auf dem Gel\u00e4nde der &#8222;Alten Schule&#8220; pr\u00e4sentiert.<br \/>\nAuch die Aktivit\u00e4ten der Vereine und des Ortsb\u00fcrger-vereins wurden dargestellt.<\/p>\n<p>Die Darstellung war so erfolgreich, dass wir uns mit dem 4. Platz im Kreisentscheid f\u00fcr den Landeswettbewerb im Jahr 2009 qualifiziert haben.<\/p>\n<p>Ein Dank an alle Eggeloger, die sich darstellerisch und tatkr\u00e4ftig beteiligt haben.<\/p>\n<p><a href=\"http:\/\/eggeloge.de\/wp-content\/uploads\/2015\/01\/2000603-krusch1.jpg\"><img loading=\"lazy\" decoding=\"async\" class=\" size-medium wp-image-36 alignleft\" src=\"http:\/\/eggeloge.de\/wp-content\/uploads\/2015\/01\/2000603-krusch1-300x225.jpg\" alt=\"2000603-krusch\" width=\"300\" height=\"225\" srcset=\"https:\/\/eggeloge.de\/wp-content\/uploads\/2015\/01\/2000603-krusch1-300x225.jpg 300w, https:\/\/eggeloge.de\/wp-content\/uploads\/2015\/01\/2000603-krusch1.jpg 1024w\" sizes=\"auto, (max-width: 300px) 100vw, 300px\" \/><\/a> <a href=\"http:\/\/eggeloge.de\/wp-content\/uploads\/2015\/01\/2000603-gewerbeschau-11.jpg\"><img loading=\"lazy\" decoding=\"async\" class=\" size-medium wp-image-35 alignleft\" src=\"http:\/\/eggeloge.de\/wp-content\/uploads\/2015\/01\/2000603-gewerbeschau-11-300x225.jpg\" alt=\"2000603-gewerbeschau-1\" width=\"300\" height=\"225\" srcset=\"https:\/\/eggeloge.de\/wp-content\/uploads\/2015\/01\/2000603-gewerbeschau-11-300x225.jpg 300w, https:\/\/eggeloge.de\/wp-content\/uploads\/2015\/01\/2000603-gewerbeschau-11.jpg 1024w\" sizes=\"auto, (max-width: 300px) 100vw, 300px\" \/><\/a> <a href=\"http:\/\/eggeloge.de\/wp-content\/uploads\/2015\/01\/20080603-dorfmarkt1.jpg\"><img loading=\"lazy\" decoding=\"async\" class=\" size-medium wp-image-38 alignleft\" src=\"http:\/\/eggeloge.de\/wp-content\/uploads\/2015\/01\/20080603-dorfmarkt1-300x225.jpg\" alt=\"20080603-dorfmarkt\" width=\"300\" height=\"225\" srcset=\"https:\/\/eggeloge.de\/wp-content\/uploads\/2015\/01\/20080603-dorfmarkt1-300x225.jpg 300w, https:\/\/eggeloge.de\/wp-content\/uploads\/2015\/01\/20080603-dorfmarkt1.jpg 1024w\" sizes=\"auto, (max-width: 300px) 100vw, 300px\" \/><\/a> <a href=\"http:\/\/eggeloge.de\/wp-content\/uploads\/2015\/01\/20080603-gewerbescau-21.jpg\"><img loading=\"lazy\" decoding=\"async\" class=\" size-medium wp-image-39 alignleft\" src=\"http:\/\/eggeloge.de\/wp-content\/uploads\/2015\/01\/20080603-gewerbescau-21-300x225.jpg\" alt=\"20080603-gewerbescau-2\" width=\"300\" height=\"225\" srcset=\"https:\/\/eggeloge.de\/wp-content\/uploads\/2015\/01\/20080603-gewerbescau-21-300x225.jpg 300w, https:\/\/eggeloge.de\/wp-content\/uploads\/2015\/01\/20080603-gewerbescau-21.jpg 1024w\" sizes=\"auto, (max-width: 300px) 100vw, 300px\" \/><\/a> <a href=\"http:\/\/eggeloge.de\/wp-content\/uploads\/2015\/01\/20080603-minigiants1.jpg\"><img loading=\"lazy\" decoding=\"async\" class=\" size-medium wp-image-40 alignleft\" src=\"http:\/\/eggeloge.de\/wp-content\/uploads\/2015\/01\/20080603-minigiants1-300x225.jpg\" alt=\"20080603-minigiants\" width=\"300\" height=\"225\" srcset=\"https:\/\/eggeloge.de\/wp-content\/uploads\/2015\/01\/20080603-minigiants1-300x225.jpg 300w, https:\/\/eggeloge.de\/wp-content\/uploads\/2015\/01\/20080603-minigiants1.jpg 1024w\" sizes=\"auto, (max-width: 300px) 100vw, 300px\" \/><\/a><\/p>\n<p>&nbsp;<\/p>\n<p>&nbsp;<\/p>\n<p>&nbsp;<\/p>\n<p>&nbsp;<\/p>\n","protected":false},"excerpt":{"rendered":"<p>Die Kommission &#8222;Unser Dorf hat Zukunft&#8220; hat uns am 03.06.2008 besucht. F\u00fcr den Kreiswettbewerb hat sich Eggeloge mit einer kleinen &#8222;Gewerbeschau&#8220; auf dem Gel\u00e4nde der &#8222;Alten Schule&#8220; pr\u00e4sentiert. Auch die Aktivit\u00e4ten der Vereine und des Ortsb\u00fcrger-vereins wurden dargestellt. Die Darstellung war so erfolgreich, dass wir uns mit dem 4. Platz im Kreisentscheid f\u00fcr den Landeswettbewerb &hellip; <a href=\"https:\/\/eggeloge.de\/?p=31\" class=\"more-link\"><span class=\"screen-reader-text\">&#8222;Unser Dorf hat Zukunft&#8220;<\/span> weiterlesen <span class=\"meta-nav\">&rarr;<\/span><\/a><\/p>\n","protected":false},"author":1,"featured_media":0,"comment_status":"closed","ping_status":"open","sticky":false,"template":"","format":"standard","meta":{"ngg_post_thumbnail":0,"footnotes":""},"categories":[1],"tags":[6],"class_list":["post-31","post","type-post","status-publish","format-standard","hentry","category-allgemein","tag-dorfwettbewerb"],"_links":{"self":[{"href":"https:\/\/eggeloge.de\/index.php?rest_route=\/wp\/v2\/posts\/31","targetHints":{"allow":["GET"]}}],"collection":[{"href":"https:\/\/eggeloge.de\/index.php?rest_route=\/wp\/v2\/posts"}],"about":[{"href":"https:\/\/eggeloge.de\/index.php?rest_route=\/wp\/v2\/types\/post"}],"author":[{"embeddable":true,"href":"https:\/\/eggeloge.de\/index.php?rest_route=\/wp\/v2\/users\/1"}],"replies":[{"embeddable":true,"href":"https:\/\/eggeloge.de\/index.php?rest_route=%2Fwp%2Fv2%2Fcomments&post=31"}],"version-history":[{"count":6,"href":"https:\/\/eggeloge.de\/index.php?rest_route=\/wp\/v2\/posts\/31\/revisions"}],"predecessor-version":[{"id":173,"href":"https:\/\/eggeloge.de\/index.php?rest_route=\/wp\/v2\/posts\/31\/revisions\/173"}],"wp:attachment":[{"href":"https:\/\/eggeloge.de\/index.php?rest_route=%2Fwp%2Fv2%2Fmedia&parent=31"}],"wp:term":[{"taxonomy":"category","embeddable":true,"href":"https:\/\/eggeloge.de\/index.php?rest_route=%2Fwp%2Fv2%2Fcategories&post=31"},{"taxonomy":"post_tag","embeddable":true,"href":"https:\/\/eggeloge.de\/index.php?rest_route=%2Fwp%2Fv2%2Ftags&post=31"}],"curies":[{"name":"wp","href":"https:\/\/api.w.org\/{rel}","templated":true}]}}