{"id":3497,"date":"2015-05-25T12:42:28","date_gmt":"2015-05-25T12:42:28","guid":{"rendered":"http:\/\/eggeloge.de\/?p=3497"},"modified":"2015-05-26T12:59:51","modified_gmt":"2015-05-26T12:59:51","slug":"dorfwettbewerb-2015","status":"publish","type":"post","link":"https:\/\/eggeloge.de\/?p=3497","title":{"rendered":"Dorfwettbewerb 2015"},"content":{"rendered":"<p>Wir sind dabei\u2026<a href=\"http:\/\/eggeloge.de\/wp-content\/uploads\/2015\/04\/Bild6.jpg\"><img loading=\"lazy\" decoding=\"async\" class=\"  wp-image-3488 alignright\" src=\"http:\/\/eggeloge.de\/wp-content\/uploads\/2015\/04\/Bild6.jpg\" alt=\"Bild6\" width=\"259\" height=\"185\" srcset=\"https:\/\/eggeloge.de\/wp-content\/uploads\/2015\/04\/Bild6.jpg 1180w, https:\/\/eggeloge.de\/wp-content\/uploads\/2015\/04\/Bild6-300x214.jpg 300w, https:\/\/eggeloge.de\/wp-content\/uploads\/2015\/04\/Bild6-1024x732.jpg 1024w\" sizes=\"auto, (max-width: 259px) 100vw, 259px\" \/><\/a><\/p>\n<p>Der Wettbewerb startet in die n\u00e4chste Runde.<\/p>\n<p>Am <strong>Mittwoch, den 27.05.2015<\/strong> pr\u00e4sentieren wir <strong>ab 16:30 Uhr<\/strong> unser Eggeloge mit all seinen Vorz\u00fcgen, \u00f6kologischen und \u00f6konomischen Aspekten, kulturellen Veranstaltungen und unserer Dorfentwicklung.<\/p>\n<p>Ab <strong>14.30 Uhr<\/strong> treffen wir uns beim Drofgemeinschaftshaus &#8222;<strong>Alte Schule&#8220;<\/strong> f\u00fcr Vorbereitungen und einem Kaffee \/ Tee.<br \/>\nAb <strong>18.30 Uhr<\/strong> wird f\u00fcr alle gegrillt.<\/p>\n<p>Seid alle dabei und zeigt, dass ihr gerne in Eggeloge lebt.<\/p>\n<p>Unser Motto: <strong>Leben und Arbeiten im Dorf<\/strong><\/p>\n<figure id=\"attachment_3502\" aria-describedby=\"caption-attachment-3502\" style=\"width: 1024px\" class=\"wp-caption alignnone\"><a href=\"http:\/\/eggeloge.de\/wp-content\/uploads\/2015\/05\/2015-05-Bereisung.jpg\"><img loading=\"lazy\" decoding=\"async\" class=\"wp-image-3502 size-full\" src=\"http:\/\/eggeloge.de\/wp-content\/uploads\/2015\/05\/2015-05-Bereisung.jpg\" alt=\"Bewertungskommission im Bus\" width=\"1024\" height=\"507\" srcset=\"https:\/\/eggeloge.de\/wp-content\/uploads\/2015\/05\/2015-05-Bereisung.jpg 1024w, https:\/\/eggeloge.de\/wp-content\/uploads\/2015\/05\/2015-05-Bereisung-300x149.jpg 300w\" sizes=\"auto, (max-width: 1024px) 100vw, 1024px\" \/><\/a><figcaption id=\"caption-attachment-3502\" class=\"wp-caption-text\">Bewertungskommission im Bus mit Heiko am Mikro<\/figcaption><\/figure>\n","protected":false},"excerpt":{"rendered":"<p>Wir sind dabei\u2026 Der Wettbewerb startet in die n\u00e4chste Runde. Am Mittwoch, den 27.05.2015 pr\u00e4sentieren wir ab 16:30 Uhr unser Eggeloge mit all seinen Vorz\u00fcgen, \u00f6kologischen und \u00f6konomischen Aspekten, kulturellen Veranstaltungen und unserer Dorfentwicklung. Ab 14.30 Uhr treffen wir uns beim Drofgemeinschaftshaus &#8222;Alte Schule&#8220; f\u00fcr Vorbereitungen und einem Kaffee \/ Tee. Ab 18.30 Uhr wird &hellip; <a href=\"https:\/\/eggeloge.de\/?p=3497\" class=\"more-link\"><span class=\"screen-reader-text\">Dorfwettbewerb 2015<\/span> weiterlesen <span class=\"meta-nav\">&rarr;<\/span><\/a><\/p>\n","protected":false},"author":1,"featured_media":3500,"comment_status":"closed","ping_status":"open","sticky":false,"template":"","format":"standard","meta":{"ngg_post_thumbnail":0,"footnotes":""},"categories":[1],"tags":[],"class_list":["post-3497","post","type-post","status-publish","format-standard","has-post-thumbnail","hentry","category-allgemein"],"_links":{"self":[{"href":"https:\/\/eggeloge.de\/index.php?rest_route=\/wp\/v2\/posts\/3497","targetHints":{"allow":["GET"]}}],"collection":[{"href":"https:\/\/eggeloge.de\/index.php?rest_route=\/wp\/v2\/posts"}],"about":[{"href":"https:\/\/eggeloge.de\/index.php?rest_route=\/wp\/v2\/types\/post"}],"author":[{"embeddable":true,"href":"https:\/\/eggeloge.de\/index.php?rest_route=\/wp\/v2\/users\/1"}],"replies":[{"embeddable":true,"href":"https:\/\/eggeloge.de\/index.php?rest_route=%2Fwp%2Fv2%2Fcomments&post=3497"}],"version-history":[{"count":5,"href":"https:\/\/eggeloge.de\/index.php?rest_route=\/wp\/v2\/posts\/3497\/revisions"}],"predecessor-version":[{"id":3517,"href":"https:\/\/eggeloge.de\/index.php?rest_route=\/wp\/v2\/posts\/3497\/revisions\/3517"}],"wp:featuredmedia":[{"embeddable":true,"href":"https:\/\/eggeloge.de\/index.php?rest_route=\/wp\/v2\/media\/3500"}],"wp:attachment":[{"href":"https:\/\/eggeloge.de\/index.php?rest_route=%2Fwp%2Fv2%2Fmedia&parent=3497"}],"wp:term":[{"taxonomy":"category","embeddable":true,"href":"https:\/\/eggeloge.de\/index.php?rest_route=%2Fwp%2Fv2%2Fcategories&post=3497"},{"taxonomy":"post_tag","embeddable":true,"href":"https:\/\/eggeloge.de\/index.php?rest_route=%2Fwp%2Fv2%2Ftags&post=3497"}],"curies":[{"name":"wp","href":"https:\/\/api.w.org\/{rel}","templated":true}]}}