{"id":64,"date":"2008-11-15T18:12:03","date_gmt":"2008-11-15T18:12:03","guid":{"rendered":"http:\/\/hoestje.de\/?p=64"},"modified":"2015-01-11T20:27:13","modified_gmt":"2015-01-11T20:27:13","slug":"2-doerpsfest-in-duestern","status":"publish","type":"post","link":"https:\/\/eggeloge.de\/?p=64","title":{"rendered":"2. D\u00f6rpsfest in D\u00fcstern"},"content":{"rendered":"<p>Am Freitagabend, ab 18.00 Uhr trafen sich Alt und Jung zum <b>D\u00f6rpsfest in D\u00fcstern<\/b> an der Grillh\u00fctte. Sogar ein 80-j\u00e4hriges Geburtstagskind hatte sich mit einigen G\u00e4sten eingefunden. Gut ausgestattet mit tollen selbstgebastelten Laternen, Taschenlampen und Leuchtwesten und -m\u00fctzen zogen wir einmal um die <b>Alte Schule<\/b>. Gesungen wurde nat\u00fcrlich auch! Anschlie\u00dfend wurde es in der Grillh\u00fctte gem\u00fctlich. Bei Grog und Gl\u00fchwein, Wurst und Stockbrot am Lagerfeuer konnten die neuesten Erlebnisse und Neuigkeiten vom Zetler Markt gleich ausgetauscht werden. So wurde der Abend noch lang und die wetterfesten Eggeloger haben mal wieder bewiesen, dass sie bei jedem Wetter an jedem Ort gem\u00fctlich zusammensein k\u00f6nnen. So bietet das <b>D\u00f6rpsfest in D\u00fcstern<\/b> nicht nur den kleinen Kinder die Gelegenheit zum Laternenlauf im Dorf, sondern auch den gro\u00dfen Anh\u00e4ngern des Laternenfestes die M\u00f6glichkeit, eine Laterne wieder hervozukramen und die vertrauten Lieder zu singen. Und so werden wir auch im n\u00e4chsten Jahr wieder dazu einladen. Herzlichen Dank allen, die dieses Fest vor- und nachbereitet haben.<\/p>\n","protected":false},"excerpt":{"rendered":"<p>Am Freitagabend, ab 18.00 Uhr trafen sich Alt und Jung zum D\u00f6rpsfest in D\u00fcstern an der Grillh\u00fctte. Sogar ein 80-j\u00e4hriges Geburtstagskind hatte sich mit einigen G\u00e4sten eingefunden. Gut ausgestattet mit tollen selbstgebastelten Laternen, Taschenlampen und Leuchtwesten und -m\u00fctzen zogen wir einmal um die Alte Schule. Gesungen wurde nat\u00fcrlich auch! Anschlie\u00dfend wurde es in der Grillh\u00fctte &hellip; <a href=\"https:\/\/eggeloge.de\/?p=64\" class=\"more-link\"><span class=\"screen-reader-text\">2. D\u00f6rpsfest in D\u00fcstern<\/span> weiterlesen <span class=\"meta-nav\">&rarr;<\/span><\/a><\/p>\n","protected":false},"author":1,"featured_media":0,"comment_status":"closed","ping_status":"open","sticky":false,"template":"","format":"standard","meta":{"ngg_post_thumbnail":0,"footnotes":""},"categories":[1],"tags":[13],"class_list":["post-64","post","type-post","status-publish","format-standard","hentry","category-allgemein","tag-aktion"],"_links":{"self":[{"href":"https:\/\/eggeloge.de\/index.php?rest_route=\/wp\/v2\/posts\/64","targetHints":{"allow":["GET"]}}],"collection":[{"href":"https:\/\/eggeloge.de\/index.php?rest_route=\/wp\/v2\/posts"}],"about":[{"href":"https:\/\/eggeloge.de\/index.php?rest_route=\/wp\/v2\/types\/post"}],"author":[{"embeddable":true,"href":"https:\/\/eggeloge.de\/index.php?rest_route=\/wp\/v2\/users\/1"}],"replies":[{"embeddable":true,"href":"https:\/\/eggeloge.de\/index.php?rest_route=%2Fwp%2Fv2%2Fcomments&post=64"}],"version-history":[{"count":2,"href":"https:\/\/eggeloge.de\/index.php?rest_route=\/wp\/v2\/posts\/64\/revisions"}],"predecessor-version":[{"id":170,"href":"https:\/\/eggeloge.de\/index.php?rest_route=\/wp\/v2\/posts\/64\/revisions\/170"}],"wp:attachment":[{"href":"https:\/\/eggeloge.de\/index.php?rest_route=%2Fwp%2Fv2%2Fmedia&parent=64"}],"wp:term":[{"taxonomy":"category","embeddable":true,"href":"https:\/\/eggeloge.de\/index.php?rest_route=%2Fwp%2Fv2%2Fcategories&post=64"},{"taxonomy":"post_tag","embeddable":true,"href":"https:\/\/eggeloge.de\/index.php?rest_route=%2Fwp%2Fv2%2Ftags&post=64"}],"curies":[{"name":"wp","href":"https:\/\/api.w.org\/{rel}","templated":true}]}}